{"id":1008,"date":"2017-04-21T11:42:22","date_gmt":"2017-04-21T10:42:22","guid":{"rendered":"http:\/\/www.cfatelier.com\/adc\/?p=1008"},"modified":"2017-04-21T11:48:59","modified_gmt":"2017-04-21T10:48:59","slug":"atelier-image-estime-de-soi-redecome","status":"publish","type":"post","link":"https:\/\/www.cfatelier.com\/adc\/atelier-image-estime-de-soi-redecome\/","title":{"rendered":"Atelier image et estime de soi avec Red\u00e9come"},"content":{"rendered":"<h3 style=\"text-align: justify;\">V\u00e9ronique vous parle des ateliers th\u00e9matiques\u00a0\u00ab\u00a0Image et estime de soi\u00a0\u00bb anim\u00e9s par l&rsquo;association <a href=\"http:\/\/www.redecome.fr\/\">R\u00e9d\u00e9come<\/a>. Cette association, bas\u00e9e \u00e0 Bischheim\u00a0aide les personnes \u00e9loign\u00e9es de l&#8217;emploi \u00e0 valoriser leur image personnelle.<\/h3>\n<p><a href=\"http:\/\/www.redecome.fr\/\" target=\"_blank\" rel=\"noopener noreferrer\"><img loading=\"lazy\" class=\"aligncenter wp-image-1009\" src=\"http:\/\/www.cfatelier.com\/adc1\/wp-content\/uploads\/2017\/04\/images.png\" alt=\"\" width=\"309\" height=\"125\" \/><\/a><\/p>\n<blockquote>\n<p style=\"text-align: justify;\">Jeudi 23 mars, nous sommes all\u00e9es \u00e0 un atelier relooking. On avait rendez-vous pour 9h \u00e0 Bischheim. Nous y sommes all\u00e9es en voiture avec Yamina.<\/p>\n<p>&nbsp;<\/p>\n<p style=\"text-align: justify;\">Arriv\u00e9es l\u00e0-bas, l&rsquo;\u00e9quipe de R\u00e9d\u00e9come nous a tr\u00e8s bien accueillies. La responsable qui s&rsquo;appelle Odile nous a fait visiter les locaux.<\/p>\n<p>&nbsp;<br \/>\n<a href=\"http:\/\/www.cfatelier.com\/adc1\/wp-content\/uploads\/2017\/04\/slideshow-1.jpg\"><img loading=\"lazy\" class=\"aligncenter\" src=\"http:\/\/www.cfatelier.com\/adc1\/wp-content\/uploads\/2017\/04\/slideshow-1-300x200.jpg\" alt=\"\" width=\"300\" height=\"200\" \/><\/a><\/p>\n<p>&nbsp;<\/p>\n<p style=\"text-align: justify;\">Apr\u00e8s la visite, elle a discut\u00e9 avec chacune d&rsquo;entre nous pour savoir la coupe qu&rsquo;on voulait.<\/p>\n<p style=\"text-align: justify;\">Une fois que chacune eut choisi ce qu&rsquo;elle voulait, la coiffeuse a pu commencer \u00e0 nous relooker.<\/p>\n<p>&nbsp;<br \/>\n<a href=\"http:\/\/www.cfatelier.com\/adc1\/wp-content\/uploads\/2017\/04\/redecome.jpg\"><img loading=\"lazy\" class=\"aligncenter\" src=\"http:\/\/www.cfatelier.com\/adc1\/wp-content\/uploads\/2017\/04\/redecome-300x150.jpg\" alt=\"\" width=\"300\" height=\"150\" \/><\/a><\/p>\n<p>&nbsp;<\/p>\n<p style=\"text-align: justify;\">C&rsquo;\u00e9tait bien organis\u00e9, pendant qu&rsquo;une d&rsquo;entre nous se faisait coiffer, Odile pouvait soit maquiller une autre personne ou bien lui faire un soin du visage. Arriv\u00e9es \u00e0 la pause d\u00e9jeuner, nous nous sommes r\u00e9unies autour d&rsquo;une table et nous avons pu d\u00e9guster les pizzas que nous avions command\u00e9es. Apr\u00e8s la pause, Odile et la coiffeuse ont continu\u00e9 avec celles qui n&rsquo;\u00e9taient pas encore pass\u00e9es. Une fois que tout le monde fut pass\u00e9, il \u00e9tait l&rsquo;heure de retourner \u00e0 S\u00e9lestat.<\/p>\n<p>&nbsp;<\/p>\n<p style=\"text-align: justify;\">C&rsquo;\u00e9tait une journ\u00e9e agr\u00e9able, nous avons appris pas mal de choses. Par exemple\u00a0: la fa\u00e7on de se maquiller en fonction de la couleur de nos yeux, comment choisir sa coupe pour illuminer le visage, etc. Les personnes qui nous ont accueillies \u00e9taient tr\u00e8s sympathiques. Ce serait \u00e0 refaire avec grand plaisir.<\/p>\n<p>&nbsp;<\/p>\n<p style=\"text-align: justify;\">Vendredi 24 mars, Odile est venue sur S\u00e9lestat pour nous parler de l&rsquo;estime de soi. Elle nous a donn\u00e9 quelques conseils sur la fa\u00e7on de s&rsquo;habiller lors d&rsquo;un entretien, comment avoir confiance en soi &#8230;<\/p>\n<p>&nbsp;<\/p>\n<p style=\"text-align: justify;\">J&rsquo;ai beaucoup appr\u00e9ci\u00e9 ces deux journ\u00e9es.<\/p>\n<p>&nbsp;<br \/>\nV\u00e9ronique<\/p><\/blockquote>\n","protected":false},"excerpt":{"rendered":"<p>V\u00e9ronique vous parle des ateliers th\u00e9matiques\u00a0\u00ab\u00a0Image et estime de soi\u00a0\u00bb anim\u00e9s par l&rsquo;association R\u00e9d\u00e9come. Cette association, bas\u00e9e \u00e0 Bischheim\u00a0aide les personnes \u00e9loign\u00e9es de l&#8217;emploi \u00e0 valoriser leur image personnelle. Jeudi 23 mars, nous sommes all\u00e9es \u00e0 un atelier relooking. On avait rendez-vous pour 9h \u00e0 Bischheim. Nous y sommes all\u00e9es en voiture avec Yamina. &nbsp; [&hellip;]<\/p>\n","protected":false},"author":6,"featured_media":1010,"comment_status":"closed","ping_status":"open","sticky":false,"template":"","format":"standard","meta":{"_mi_skip_tracking":false},"categories":[1],"tags":[],"_links":{"self":[{"href":"https:\/\/www.cfatelier.com\/adc\/wp-json\/wp\/v2\/posts\/1008"}],"collection":[{"href":"https:\/\/www.cfatelier.com\/adc\/wp-json\/wp\/v2\/posts"}],"about":[{"href":"https:\/\/www.cfatelier.com\/adc\/wp-json\/wp\/v2\/types\/post"}],"author":[{"embeddable":true,"href":"https:\/\/www.cfatelier.com\/adc\/wp-json\/wp\/v2\/users\/6"}],"replies":[{"embeddable":true,"href":"https:\/\/www.cfatelier.com\/adc\/wp-json\/wp\/v2\/comments?post=1008"}],"version-history":[{"count":15,"href":"https:\/\/www.cfatelier.com\/adc\/wp-json\/wp\/v2\/posts\/1008\/revisions"}],"predecessor-version":[{"id":1045,"href":"https:\/\/www.cfatelier.com\/adc\/wp-json\/wp\/v2\/posts\/1008\/revisions\/1045"}],"wp:featuredmedia":[{"embeddable":true,"href":"https:\/\/www.cfatelier.com\/adc\/wp-json\/wp\/v2\/media\/1010"}],"wp:attachment":[{"href":"https:\/\/www.cfatelier.com\/adc\/wp-json\/wp\/v2\/media?parent=1008"}],"wp:term":[{"taxonomy":"category","embeddable":true,"href":"https:\/\/www.cfatelier.com\/adc\/wp-json\/wp\/v2\/categories?post=1008"},{"taxonomy":"post_tag","embeddable":true,"href":"https:\/\/www.cfatelier.com\/adc\/wp-json\/wp\/v2\/tags?post=1008"}],"curies":[{"name":"wp","href":"https:\/\/api.w.org\/{rel}","templated":true}]}}