{"id":1169,"date":"2017-12-19T15:47:28","date_gmt":"2017-12-19T14:47:28","guid":{"rendered":"http:\/\/www.cfatelier.com\/adc\/?p=1169"},"modified":"2017-12-22T11:23:17","modified_gmt":"2017-12-22T10:23:17","slug":"visite-de-lassociation-humanis","status":"publish","type":"post","link":"https:\/\/www.cfatelier.com\/adc\/visite-de-lassociation-humanis\/","title":{"rendered":"Visite de l&rsquo;association Humanis"},"content":{"rendered":"<p><a href=\"http:\/\/www.cfatelier.com\/adc1\/wp-content\/uploads\/2017\/12\/t\u00e9l\u00e9chargement.jpg\"><img loading=\"lazy\" class=\"aligncenter size-full wp-image-1174\" src=\"http:\/\/www.cfatelier.com\/adc1\/wp-content\/uploads\/2017\/12\/t\u00e9l\u00e9chargement.jpg\" alt=\"\" width=\"225\" height=\"225\" srcset=\"https:\/\/www.cfatelier.com\/adc\/wp-content\/uploads\/2017\/12\/t\u00e9l\u00e9chargement.jpg 225w, https:\/\/www.cfatelier.com\/adc\/wp-content\/uploads\/2017\/12\/t\u00e9l\u00e9chargement-150x150.jpg 150w\" sizes=\"(max-width: 225px) 100vw, 225px\" \/><\/a><\/p>\n<p>Jeudi 23 novembre 2017, nous sommes all\u00e9s \u00e0 Strasbourg pour d\u00e9couvrir les locaux d&rsquo;Humanis.<\/p>\n<p align=\"justify\">Humanis est un collectif de 106 associations actives dans le champ de la solidarit\u00e9 locale<b> <\/b>et internationale. Il a \u00e9t\u00e9 cr\u00e9\u00e9 en 1996. C&rsquo;est aussi une entreprise d\u2019insertion qui r\u00e9cup\u00e8re de vieux ordinateurs (m\u00eame cass\u00e9s) pour en refaire d&rsquo;autres.<\/p>\n<p align=\"justify\">On nous a accueillis dans une salle de r\u00e9union et on s&rsquo;est fait offrir des collations avant que la responsable ne vienne pour nous faire visiter les locaux. Elle nous a expliqu\u00e9 quel r\u00f4le avait Humanis et surtout les diff\u00e9rentes activit\u00e9s. Ensuite nous sommes all\u00e9s visiter les diverses parties des locaux .<\/p>\n<p align=\"justify\">Ensuite le responsable nous a montr\u00e9 la r\u00e9serve o\u00f9 on a pu voir diverses pi\u00e8ces telles que les \u00e9crans, claviers, tours, caisses enregistreuses, cam\u00e9ras, balances, etc.). Nous avons aussi d\u00e9couvert une salle o\u00f9 ils d\u00e9montent les ordinateurs pour les nettoyer \u00e0 l&rsquo;aide d&rsquo; un aspirateur et pour tester les divers composants.<\/p>\n<p align=\"justify\">Pour finir la visite nous avons visit\u00e9 le magasin o\u00f9 on a vu les ordinateurs en vente \u00e0 prix raisonnable.<\/p>\n<p align=\"justify\">En ce moment, pour l\u2019op\u00e9ration \u00ab\u00a0<a href=\"https:\/\/www.facebook.com\/Soupe.etoilee\/\">Soupe \u00e9toil\u00e9e<\/a>\u00a0\u00bb, il y a quatre chefs qui cr\u00e9ent chacun une soupe, Humanis fait la soupe et la vend au march\u00e9 de No\u00ebl de la solidarit\u00e9, place Kl\u00e9ber.<\/p>\n<p style=\"text-align: center;\" align=\"justify\"><em><strong>Reportage sur la journ\u00e9e portes ouvertes par Alsace20\u00a0<\/strong><\/em><\/p>\n<p align=\"justify\"><div class=\"su-youtube su-u-responsive-media-yes\"><iframe width=\"600\" height=\"400\" src=\"https:\/\/www.youtube.com\/embed\/26Gfy2XTkmc?autohide=2&amp;autoplay=0&amp;mute=0&amp;controls=1&amp;fs=1&amp;loop=0&amp;modestbranding=0&amp;rel=1&amp;showinfo=1&amp;theme=dark&amp;wmode=&amp;playsinline=0\" frameborder=\"0\" allowfullscreen allow=\"autoplay; encrypted-media; picture-in-picture\" title=\"\"><\/iframe><\/div>\n<p align=\"justify\"><strong>Pour plus d&rsquo;informations sur les activit\u00e9s d&rsquo;Humanis, vous pouvez consulter :\u00a0<\/strong><\/p>\n<ul>\n<li><a href=\"http:\/\/www.humanis.org\/\">leur site internet<\/a><\/li>\n<li><a href=\"https:\/\/www.facebook.com\/collectif.humanis\/\">leur page Facebook<\/a><\/li>\n<li><a href=\"http:\/\/www.ordidocaz.com\/\">le site internet Ordidocaz<\/a><\/li>\n<\/ul>\n<p>&nbsp;<\/p>\n<p style=\"text-align: right;\"><em>Article r\u00e9dig\u00e9 par Solange et Jonathan<\/em><\/p>\n<p style=\"text-align: right;\"><em>Atelier Remise \u00e0 Niveau<\/em><\/p>\n<p align=\"justify\">\n","protected":false},"excerpt":{"rendered":"<p>Jeudi 23 novembre 2017, nous sommes all\u00e9s \u00e0 Strasbourg pour d\u00e9couvrir les locaux d&rsquo;Humanis. Humanis est un collectif de 106 associations actives dans le champ de la solidarit\u00e9 locale et internationale. Il a \u00e9t\u00e9 cr\u00e9\u00e9 en 1996. C&rsquo;est aussi une entreprise d\u2019insertion qui r\u00e9cup\u00e8re de vieux ordinateurs (m\u00eame cass\u00e9s) pour en refaire d&rsquo;autres. On nous [&hellip;]<\/p>\n","protected":false},"author":2,"featured_media":1174,"comment_status":"closed","ping_status":"open","sticky":false,"template":"","format":"standard","meta":{"_mi_skip_tracking":false},"categories":[1],"tags":[],"_links":{"self":[{"href":"https:\/\/www.cfatelier.com\/adc\/wp-json\/wp\/v2\/posts\/1169"}],"collection":[{"href":"https:\/\/www.cfatelier.com\/adc\/wp-json\/wp\/v2\/posts"}],"about":[{"href":"https:\/\/www.cfatelier.com\/adc\/wp-json\/wp\/v2\/types\/post"}],"author":[{"embeddable":true,"href":"https:\/\/www.cfatelier.com\/adc\/wp-json\/wp\/v2\/users\/2"}],"replies":[{"embeddable":true,"href":"https:\/\/www.cfatelier.com\/adc\/wp-json\/wp\/v2\/comments?post=1169"}],"version-history":[{"count":5,"href":"https:\/\/www.cfatelier.com\/adc\/wp-json\/wp\/v2\/posts\/1169\/revisions"}],"predecessor-version":[{"id":1198,"href":"https:\/\/www.cfatelier.com\/adc\/wp-json\/wp\/v2\/posts\/1169\/revisions\/1198"}],"wp:featuredmedia":[{"embeddable":true,"href":"https:\/\/www.cfatelier.com\/adc\/wp-json\/wp\/v2\/media\/1174"}],"wp:attachment":[{"href":"https:\/\/www.cfatelier.com\/adc\/wp-json\/wp\/v2\/media?parent=1169"}],"wp:term":[{"taxonomy":"category","embeddable":true,"href":"https:\/\/www.cfatelier.com\/adc\/wp-json\/wp\/v2\/categories?post=1169"},{"taxonomy":"post_tag","embeddable":true,"href":"https:\/\/www.cfatelier.com\/adc\/wp-json\/wp\/v2\/tags?post=1169"}],"curies":[{"name":"wp","href":"https:\/\/api.w.org\/{rel}","templated":true}]}}