{"id":741,"date":"2016-02-02T11:55:42","date_gmt":"2016-02-02T10:55:42","guid":{"rendered":"http:\/\/www.cfatelier.com\/adc\/?p=741"},"modified":"2017-04-21T17:02:57","modified_gmt":"2017-04-21T16:02:57","slug":"naissance-du-site-internet-des-adc","status":"publish","type":"post","link":"https:\/\/www.cfatelier.com\/adc\/naissance-du-site-internet-des-adc\/","title":{"rendered":"La cr\u00e9ation du site internet des ADC"},"content":{"rendered":"<div id=\"pl-741\"  class=\"panel-layout\" ><div id=\"pg-741-0\"  class=\"panel-grid panel-no-style\" ><div id=\"pgc-741-0-0\"  class=\"panel-grid-cell\" ><div id=\"panel-741-0-0-0\" class=\"so-panel widget widget_sow-editor panel-first-child panel-last-child\" data-index=\"0\" ><div\n\t\t\t\n\t\t\tclass=\"so-widget-sow-editor so-widget-sow-editor-base\"\n\t\t\t\n\t\t>\n<div class=\"siteorigin-widget-tinymce textwidget\">\n\t<p style=\"text-align: justify;\">C'est gr\u00e2ce \u00e0 un formidable travail d'\u00e9quipe, que ce site internet, cr\u00e9\u00e9 par un groupe de b\u00e9n\u00e9ficiaires des ADC dans le cadre de l'atelier Multim\u00e9dia, a pu voir le jour.<\/p>\n<p style=\"text-align: justify;\">Nous vous proposons de partager avec vous\u00a0cette exp\u00e9rience !<\/p>\n<p style=\"text-align: justify;\">Apr\u00e8s avoir consult\u00e9 et critiqu\u00e9 diff\u00e9rents sites internet, nous avons r\u00e9fl\u00e9chi \u00e0 la pr\u00e9sentation du site et \u00e0 son contenu.<\/p>\n<p style=\"text-align: justify;\">Au d\u00e9but, nous avions quelques difficult\u00e9s \u00e0\u00a0manipuler WordPress mais, au fur et \u00e0 mesure des mois, nous avons appris \u00e0\u00a0ma\u00eetriser les techniques de mise en page du site, \u00e0 mettre en place la banni\u00e8re, le logo, \u00e0 ins\u00e9rer les textes r\u00e9dig\u00e9s et les photos s\u00e9lectionn\u00e9es, etc.<\/p>\n<p style=\"text-align: justify;\">Cette exp\u00e9rience nous a beaucoup apport\u00e9 : confiance en soi, affirmation de chacun dans le groupe, d\u00e9bats et argumentation, d\u00e9couverte des outils bureautiques et graphiques, etc. Nous avons aussi\u00a0mieux compris le fonctionnement des ADC et sommes heureux de pouvoir les\u00a0faire connaitre au grand public.<\/p>\n<p style=\"text-align: justify;\">\u00a0<\/p>\n<blockquote>\n<p style=\"text-align: justify;\">Cet atelier m\u2019a permis non seulement de progresser au niveau multim\u00e9dia mais il m\u2019a aussi aid\u00e9 \u00e0 m\u2019exprimer devant le groupe, \u00e0 donner mon opinion tout en travaillant en \u00e9quipe. Am\u00e9lie<\/p>\n<\/blockquote>\n<blockquote>\n<p style=\"text-align: justify;\">L\u2019atelier multim\u00e9dia m\u2019a permis d\u2019apprendre \u00e0 \u00eatre \u00e0 l\u2019aise avec le groupe et \u00e0 m\u2019exprimer pour avancer ensemble sur le site. Christelle<\/p>\n<\/blockquote>\n<blockquote>\n<p style=\"text-align: justify;\">Cet atelier m'a fait d\u00e9couvrir de nouveaux logiciels. J'ai appris \u00e0\u00a0travailler en \u00e9quipe et \u00e0 dialoguer avec le groupe. B\u00e9atrice<\/p>\n<\/blockquote>\n<blockquote>\n<p style=\"text-align: justify;\">Pendant cet atelier, nous avons appris \u00e0 travailler tous ensemble, au rythme de chacun, tout en nous entraidant : \u00ab Tout seul on va plus vite mais ensemble on va plus loin. \u00bb John<\/p>\n<\/blockquote>\n<\/div>\n<\/div><\/div><\/div><\/div><\/div>","protected":false},"excerpt":{"rendered":"<p>C&rsquo;est gr\u00e2ce \u00e0 un formidable travail d&rsquo;\u00e9quipe, que ce site internet, cr\u00e9\u00e9 par un groupe de b\u00e9n\u00e9ficiaires des ADC dans le cadre de l&rsquo;atelier Multim\u00e9dia, a pu voir le jour.Nous vous proposons de partager avec vous\u00a0cette exp\u00e9rience !Apr\u00e8s avoir consult\u00e9 et critiqu\u00e9 diff\u00e9rents sites internet, nous avons r\u00e9fl\u00e9chi \u00e0 la pr\u00e9sentation du site et \u00e0 [&hellip;]<\/p>\n","protected":false},"author":6,"featured_media":332,"comment_status":"closed","ping_status":"open","sticky":false,"template":"","format":"standard","meta":{"_mi_skip_tracking":false},"categories":[1],"tags":[],"_links":{"self":[{"href":"https:\/\/www.cfatelier.com\/adc\/wp-json\/wp\/v2\/posts\/741"}],"collection":[{"href":"https:\/\/www.cfatelier.com\/adc\/wp-json\/wp\/v2\/posts"}],"about":[{"href":"https:\/\/www.cfatelier.com\/adc\/wp-json\/wp\/v2\/types\/post"}],"author":[{"embeddable":true,"href":"https:\/\/www.cfatelier.com\/adc\/wp-json\/wp\/v2\/users\/6"}],"replies":[{"embeddable":true,"href":"https:\/\/www.cfatelier.com\/adc\/wp-json\/wp\/v2\/comments?post=741"}],"version-history":[{"count":22,"href":"https:\/\/www.cfatelier.com\/adc\/wp-json\/wp\/v2\/posts\/741\/revisions"}],"predecessor-version":[{"id":1105,"href":"https:\/\/www.cfatelier.com\/adc\/wp-json\/wp\/v2\/posts\/741\/revisions\/1105"}],"wp:featuredmedia":[{"embeddable":true,"href":"https:\/\/www.cfatelier.com\/adc\/wp-json\/wp\/v2\/media\/332"}],"wp:attachment":[{"href":"https:\/\/www.cfatelier.com\/adc\/wp-json\/wp\/v2\/media?parent=741"}],"wp:term":[{"taxonomy":"category","embeddable":true,"href":"https:\/\/www.cfatelier.com\/adc\/wp-json\/wp\/v2\/categories?post=741"},{"taxonomy":"post_tag","embeddable":true,"href":"https:\/\/www.cfatelier.com\/adc\/wp-json\/wp\/v2\/tags?post=741"}],"curies":[{"name":"wp","href":"https:\/\/api.w.org\/{rel}","templated":true}]}}