{"id":837,"date":"2016-04-26T10:40:23","date_gmt":"2016-04-26T09:40:23","guid":{"rendered":"http:\/\/www.cfatelier.com\/adc\/?p=837"},"modified":"2017-03-15T15:12:24","modified_gmt":"2017-03-15T14:12:24","slug":"une-interview","status":"publish","type":"post","link":"https:\/\/www.cfatelier.com\/adc\/une-interview\/","title":{"rendered":"Interview\u00a0d&rsquo;une ancienne b\u00e9n\u00e9ficiaire"},"content":{"rendered":"<h4 style=\"text-align: justify;\">Nous remercions C\u00e9line d&rsquo;avoir bien voulu r\u00e9pondre \u00e0 nos questions.<\/h4>\n<p style=\"text-align: justify;\"><strong>Quelle \u00e9tait ta situation avant de venir aux ADC\u00a0?<\/strong><\/p>\n<p style=\"text-align: justify;\">Avant de venir aux ADC, j&rsquo;\u00e9tais \u00e0 la recherche d&rsquo;un emploi en tant qu&rsquo;assistante administrative ou commerciale depuis presque 3 ans. J&rsquo;\u00e9tais donc en fin de droits P\u00f4le Emploi et b\u00e9n\u00e9ficiaire du RSA. Je stagnais, j&rsquo;avais perdu ma motivation et l&rsquo;espoir de retrouver un emploi.<\/p>\n<p style=\"text-align: justify;\"><strong>Comment as tu \u00e9t\u00e9 orient\u00e9e vers les ADC\u00a0?<\/strong><\/p>\n<p style=\"text-align: justify;\">J&rsquo;ai \u00e9t\u00e9 orient\u00e9e vers les ADC par P\u00f4le Emploi.<\/p>\n<p style=\"text-align: justify;\"><strong>Quels sont les ateliers auxquels tu as particip\u00e9 ? Pourquoi as-tu voulu participer \u00e0 ces ateliers\u00a0?<\/strong><\/p>\n<p style=\"text-align: justify;\">J&rsquo;ai particip\u00e9 aux ateliers communication et entreprise, multim\u00e9dia, sport et arts plastiques. J&rsquo;ai voulu participer aux deux premiers ateliers pour am\u00e9liorer ma communication professionnelle, pouvoir \u00e9changer, apprendre de nouvelles choses (surtout en multim\u00e9dia). Je me suis inscrite \u00e0 l&rsquo;atelier sport pour am\u00e9liorer ma condition physique et me sentir bien dans mon corps. Puis, je me suis inscrite \u00e0 l&rsquo;atelier arts-plastiques car j&rsquo;aime les travaux manuels et pouvoir utiliser ma cr\u00e9ativit\u00e9.<\/p>\n<p style=\"text-align: justify;\"><strong>Que t&rsquo;ont apport\u00e9 les ateliers ? En quoi t&rsquo;ont-ils aid\u00e9\u00a0? Qu&rsquo;est que tu as aim\u00e9\u00a0?<\/strong><\/p>\n<p style=\"text-align: justify;\">Les ateliers m&rsquo;ont redonn\u00e9 confiance en moi et m&rsquo;ont permis de rencontrer des gens formidables. Dans la soci\u00e9t\u00e9 d&rsquo;aujourd&rsquo;hui, quand tu n&rsquo;as pas d&#8217;emploi, tu peux \u00eatre mis \u00e0 l&rsquo;\u00e9cart et perdre toute confiance en toi, avoir l&rsquo;impression de ne rien valoir. Les ADC m&rsquo;ont permis r\u00e9ellement de me sentir \u00e0 ma place,\u00a0de sentir que\u00a0j&rsquo;ai une valeur\u00a0et que ce que j&rsquo;ai\u00a0\u00e0 dire peut \u00eatre int\u00e9ressant. Ce que j&rsquo;ai aim\u00e9 dans les ateliers ce sont les belles rencontres que j&rsquo;ai pu faire et la bonne ambiance. On nous donne de l&rsquo;importance et on peut \u00eatre amen\u00e9 \u00e0 travailler sur des projets\u00a0valorisants comme la pr\u00e9sentation des ADC \u00e0 l&rsquo;aide de panneaux lors des portes ouvertes de la Maison de la Solidarit\u00e9 ou la cr\u00e9ation du site web des ADC.<\/p>\n<p style=\"text-align: justify;\"><strong>Selon toi, participer aux ateliers aide-t-il les personnes \u00e0 trouver ou retrouver le chemin de l&#8217;emploi\u00a0?<\/strong><\/p>\n<p style=\"text-align: justify;\">Oui bien s\u00fbr, je pense que les ateliers peuvent nous aider \u00e0 trouver un emploi. Les ateliers nous aident \u00e0 reprendre confiance en nous, ce qui est\u00a0un atout certain\u00a0sur\u00a0le chemin vers l&#8217;emploi.\u00a0Dans l&rsquo;atelier communication et entreprise par exemple,\u00a0nous pouvons nous entra\u00eener aux entretiens d&#8217;embauche, am\u00e9liorer notre communication.<\/p>\n<p style=\"text-align: justify;\"><strong>A quel moment as tu quitt\u00e9 les ADC\u00a0?<\/strong><\/p>\n<p style=\"text-align: justify;\">J&rsquo;ai quitt\u00e9 les ateliers 5-6 mois apr\u00e8s les avoir int\u00e9gr\u00e9s car j&rsquo;ai trouv\u00e9 un emploi.<\/p>\n<p style=\"text-align: justify;\"><strong>Quel emploi occupes-tu actuellement\u00a0? Comment as-tu trouv\u00e9 cet emploi\u00a0?<\/strong><\/p>\n<p style=\"text-align: justify;\">Je suis actuellement instructrice administrative pour le Conseil D\u00e9partemental au Service de Protection de l&rsquo;Enfance. J&rsquo;ai trouv\u00e9 cet emploi par le biais des ADC qui ont\u00a0transmis mon C.V. au Conseil D\u00e9partemental. De l\u00e0, j&rsquo;ai \u00e9t\u00e9 convoqu\u00e9e \u00e0 un entretien d&#8217;embauche. Les ADC m&rsquo;ont\u00a0fortement aid\u00e9e \u00e0 pr\u00e9parer mon entretien\u00a0: sans eux je ne suis pas s\u00fbre que j&rsquo;aurais obtenu le poste.<\/p>\n<p style=\"text-align: justify;\"><strong>Quel type de contrat as-tu sign\u00e9\u00a0?<\/strong><\/p>\n<p style=\"text-align: justify;\">J&rsquo;ai sign\u00e9 un contrat aid\u00e9 CAE-CUI de 1 an.<\/p>\n<p style=\"text-align: justify;\"><strong>Comment cela se passe dans ton emploi actuel\u00a0?<\/strong><\/p>\n<p style=\"text-align: justify;\">Mon travail se passe tr\u00e8s bien, mes t\u00e2ches sont tr\u00e8s int\u00e9ressantes et je me sens r\u00e9ellement utile. Ayant travaill\u00e9 dans le priv\u00e9 auparavant, je me suis rendue compte que le social \u00e9tait vraiment le domaine dans lequel je me sens bien. Mes coll\u00e8gues sont tr\u00e8s sympas et il y a une vraie solidarit\u00e9 dans le travail.<\/p>\n<p style=\"text-align: justify;\"><strong>Quels sont tes projets\u00a0?<\/strong><\/p>\n<p style=\"text-align: justify;\">En\u00a0projet \u00e0 court terme, je souhaiterais, enfin j&rsquo;esp\u00e8re, voir mon contrat renouvel\u00e9. A long terme, je souhaiterais tenter de passer un concours pour pouvoir \u00eatre titulaire et donc avoir un emploi s\u00fbr au Conseil D\u00e9partemental.<\/p>\n","protected":false},"excerpt":{"rendered":"<p>Nous remercions C\u00e9line d&rsquo;avoir bien voulu r\u00e9pondre \u00e0 nos questions. Quelle \u00e9tait ta situation avant de venir aux ADC\u00a0? Avant de venir aux ADC, j&rsquo;\u00e9tais \u00e0 la recherche d&rsquo;un emploi en tant qu&rsquo;assistante administrative ou commerciale depuis presque 3 ans. J&rsquo;\u00e9tais donc en fin de droits P\u00f4le Emploi et b\u00e9n\u00e9ficiaire du RSA. Je stagnais, j&rsquo;avais [&hellip;]<\/p>\n","protected":false},"author":6,"featured_media":215,"comment_status":"closed","ping_status":"open","sticky":false,"template":"","format":"standard","meta":{"_mi_skip_tracking":false},"categories":[1],"tags":[],"_links":{"self":[{"href":"https:\/\/www.cfatelier.com\/adc\/wp-json\/wp\/v2\/posts\/837"}],"collection":[{"href":"https:\/\/www.cfatelier.com\/adc\/wp-json\/wp\/v2\/posts"}],"about":[{"href":"https:\/\/www.cfatelier.com\/adc\/wp-json\/wp\/v2\/types\/post"}],"author":[{"embeddable":true,"href":"https:\/\/www.cfatelier.com\/adc\/wp-json\/wp\/v2\/users\/6"}],"replies":[{"embeddable":true,"href":"https:\/\/www.cfatelier.com\/adc\/wp-json\/wp\/v2\/comments?post=837"}],"version-history":[{"count":8,"href":"https:\/\/www.cfatelier.com\/adc\/wp-json\/wp\/v2\/posts\/837\/revisions"}],"predecessor-version":[{"id":979,"href":"https:\/\/www.cfatelier.com\/adc\/wp-json\/wp\/v2\/posts\/837\/revisions\/979"}],"wp:featuredmedia":[{"embeddable":true,"href":"https:\/\/www.cfatelier.com\/adc\/wp-json\/wp\/v2\/media\/215"}],"wp:attachment":[{"href":"https:\/\/www.cfatelier.com\/adc\/wp-json\/wp\/v2\/media?parent=837"}],"wp:term":[{"taxonomy":"category","embeddable":true,"href":"https:\/\/www.cfatelier.com\/adc\/wp-json\/wp\/v2\/categories?post=837"},{"taxonomy":"post_tag","embeddable":true,"href":"https:\/\/www.cfatelier.com\/adc\/wp-json\/wp\/v2\/tags?post=837"}],"curies":[{"name":"wp","href":"https:\/\/api.w.org\/{rel}","templated":true}]}}