{"id":851,"date":"2016-05-31T09:28:20","date_gmt":"2016-05-31T08:28:20","guid":{"rendered":"http:\/\/www.cfatelier.com\/adc\/?p=851"},"modified":"2017-03-15T14:31:18","modified_gmt":"2017-03-15T13:31:18","slug":"laide-a-lemploi-pour-les-femmes","status":"publish","type":"post","link":"https:\/\/www.cfatelier.com\/adc\/laide-a-lemploi-pour-les-femmes\/","title":{"rendered":"Les aides \u00e0 l&#8217;emploi pour les femmes"},"content":{"rendered":"<blockquote>\n<h4 style=\"text-align: justify;\" align=\"CENTER\"><em>Ce sujet m&rsquo;a \u00e9t\u00e9 inspir\u00e9 par mon exp\u00e9rience personnelle mais aussi par la rencontre de femmes au ADC et ailleurs, vivant une situation de recherche d&#8217;emploi apr\u00e8s avoir \u00e9lev\u00e9 leurs enfants, apr\u00e8s une longue maladie, ou simplement en changeant de r\u00e9gion pour suivre leur conjoint.<\/em><\/h4>\n<h4 style=\"text-align: right;\" align=\"CENTER\"><em>Laurene<\/em><\/h4>\n<\/blockquote>\n<h4 style=\"text-align: center;\" align=\"CENTER\"><em><br \/>\n<\/em>Nous\u00a0traitons ci-dessous, des moyens et techniques pour aider les femmes \u00e0 se\u00a0r\u00e9ins\u00e9rer dans la vie professionnelle \u00a0: soutiens, financements et formations.<\/h4>\n<p>&nbsp;<\/p>\n<p align=\"CENTER\"><img src=\"https:\/\/encrypted-tbn2.gstatic.com\/images?q=tbn:ANd9GcQw3Giv9e5SkwRlyv0Ei9Imtuss65R9IgyHZ7OvQ1l0U_oEFNub\" alt=\"R\u00e9sultat de recherche d'images pour &quot;femme \u00e9tudiant&quot;\" \/><\/p>\n<p style=\"text-align: center;\"><span style=\"font-size: large;\"><i>Les services publics et certaines associations aident les femmes \u00e0 trouver ou \u00e0 retrouver un emploi.<\/i><\/span><\/p>\n<p><u><b>LES ASSOCIATIONS<\/b><\/u><\/p>\n<ul>\n<li style=\"text-align: justify;\">Le C.N.I.D.F.F. (Centre National d&rsquo;Information sur les Droits des Femmes et des Familles) informe, oriente et accompagne les femmes dans leurs d\u00e9marches d&rsquo;insertion professionnelle.<br \/>\nAdresse\u00a0: 24 rue du 22 Novembre 67000 STRASBOURG &#8211; Tel : 03.88.61.65.58<br \/>\n<a href=\"http:\/\/www.infofemmes.com\/\">www.infofemmes.com<\/a><\/li>\n<\/ul>\n<ul>\n<li style=\"text-align: justify;\">RETRAVAILLER\u00a0: c&rsquo;est une association qui aide prioritairement les femmes \u00e0 retrouver un emploi apr\u00e8s avoir \u00e9lev\u00e9 leurs enfants. Elle aide aussi \u00e0 renouer avec la r\u00e9alit\u00e9 professionnelle, g\u00e9rer les demandes de formation, suivre un bilan de comp\u00e9tences\u00a0ou une\u00a0validation des acquis de l&rsquo;exp\u00e9rience, etc&#8230;.<br \/>\n<a href=\"http:\/\/www.retravailler.org\/\">www.retravailler.org<\/a><\/li>\n<\/ul>\n<ul>\n<li style=\"text-align: justify;\">Force Femmes permet de trouver des conseils de professionnelles pour vous aider dans vos d\u00e9marches.<br \/>\n<a href=\"http:\/\/www.forcefemmes.com\/\">www.forcefemmes.com<\/a>, rubrique Conseils de Pro.<\/li>\n<\/ul>\n<p>&nbsp;<\/p>\n<p><u><b>LES FINANCEMENTS<\/b><\/u><\/p>\n<ul>\n<li style=\"text-align: justify;\">L&rsquo;AGEPI (Aide \u00e0 la Garde d&rsquo;Enfants pour les Parents Isol\u00e9s)<br \/>\nLes m\u00e8res isol\u00e9es qui reprennent un emploi ou suivent une formation indemnis\u00e9e ou non par P\u00f4le emploi, peuvent recevoir de 170 \u00e0 520 euros par mois pour la garde de leurs enfants pendant 1 an (en fonction du nombre d&rsquo;enfants de moins de 10 ans et du nombre d&rsquo;heures de travail).<br \/>\nS&rsquo;adresser \u00e0 P\u00f4le emploi.<\/li>\n<\/ul>\n<ul>\n<li style=\"text-align: justify;\">Le FGIP (Fonds de Garantie \u00e0 l&rsquo;Initiative des Femmes)<br \/>\nIl facilite l&rsquo;acc\u00e8s au cr\u00e9dit bancaire des femmes, visant \u00e0 financer la cr\u00e9ation, la reprise ou le d\u00e9veloppement de leur entreprise. Il intervient sur des pr\u00eats d&rsquo;un montant de 5 000 \u20ac minimum et couvre 70 % du montant du pr\u00eat, dans la limite de 45 000 \u20acsur 2 \u00e0 7 ans.<br \/>\n<a href=\"http:\/\/www.femmeactive.org\/\">www.femmeactive.org<\/a><\/li>\n<\/ul>\n<p>&nbsp;<\/p>\n<p><u><b>LES FORMATIONS<\/b><\/u><\/p>\n<ul>\n<li style=\"text-align: justify;\">Vers plus de mixit\u00e9 : P\u00f4le emploi joue sur la mixit\u00e9 et l&rsquo;\u00e9galit\u00e9 hommes et femmes pour la formation et le retour \u00e0 l&#8217;emploi.<br \/>\nS&rsquo;adresser \u00e0 P\u00f4le emploi<\/li>\n<\/ul>\n<ul>\n<li style=\"text-align: justify;\">Pour b\u00e9n\u00e9ficier d&rsquo;une formation, que vous ayez travaill\u00e9 ou pas, vous devez vous inscrire \u00e0 P\u00f4le Emploi.<br \/>\nEnsuite, un certain nombre d&rsquo;aides peuvent vous \u00eatre attribu\u00e9es comme l&rsquo;Aide au Projet Insertion (octroy\u00e9e par la CAF), ou Allocation d&rsquo;Aide au Retour \u00e0 l&rsquo;Emploi Formation.<br \/>\n<a href=\"http:\/\/Www.vosdroits-service-public.fr\/\">www.vosdroits-service-public.fr<\/a> et <a href=\"http:\/\/www.unedic.org\/\">www.unedic.org<\/a>.<\/li>\n<\/ul>\n<ul>\n<li style=\"text-align: justify;\">AFPA\u00a0: Femmes\/Hommes osez d&rsquo;autres m\u00e9tiers vous permet de d\u00e9couvrir des secteurs et des m\u00e9tiers qui recrutent quelque soit votre \u00e2ge, votre exp\u00e9rience, votre genre.<br \/>\n<a href=\"http:\/\/Www.afpa.fr\/\">www.afpa.fr<\/a><\/li>\n<\/ul>\n<p>&nbsp;<\/p>\n<p><u><b>PETITE ASTUCE<\/b><\/u><\/p>\n<ul>\n<li style=\"text-align: justify;\">Une application pour booster sa recherche d&#8217;emploi, cr\u00e9\u00e9e par le Minist\u00e8re des Familles et des experts des r\u00e9seaux f\u00e9minins d&rsquo;entreprises\u00a0: \u00ab\u00a0LEADERSHIP POUR ELLES\u00a0\u00bb aide les femmes \u00e0 progresser dans leur carri\u00e8re\u00a0: quiz, conseils, etc\u00a0\u2026.<\/li>\n<\/ul>\n","protected":false},"excerpt":{"rendered":"<p>Ce sujet m&rsquo;a \u00e9t\u00e9 inspir\u00e9 par mon exp\u00e9rience personnelle mais aussi par la rencontre de femmes au ADC et ailleurs, vivant une situation de recherche d&#8217;emploi apr\u00e8s avoir \u00e9lev\u00e9 leurs enfants, apr\u00e8s une longue maladie, ou simplement en changeant de r\u00e9gion pour suivre leur conjoint. Laurene Nous\u00a0traitons ci-dessous, des moyens et techniques pour aider les [&hellip;]<\/p>\n","protected":false},"author":6,"featured_media":978,"comment_status":"closed","ping_status":"open","sticky":false,"template":"","format":"standard","meta":{"_mi_skip_tracking":false},"categories":[1],"tags":[],"_links":{"self":[{"href":"https:\/\/www.cfatelier.com\/adc\/wp-json\/wp\/v2\/posts\/851"}],"collection":[{"href":"https:\/\/www.cfatelier.com\/adc\/wp-json\/wp\/v2\/posts"}],"about":[{"href":"https:\/\/www.cfatelier.com\/adc\/wp-json\/wp\/v2\/types\/post"}],"author":[{"embeddable":true,"href":"https:\/\/www.cfatelier.com\/adc\/wp-json\/wp\/v2\/users\/6"}],"replies":[{"embeddable":true,"href":"https:\/\/www.cfatelier.com\/adc\/wp-json\/wp\/v2\/comments?post=851"}],"version-history":[{"count":17,"href":"https:\/\/www.cfatelier.com\/adc\/wp-json\/wp\/v2\/posts\/851\/revisions"}],"predecessor-version":[{"id":939,"href":"https:\/\/www.cfatelier.com\/adc\/wp-json\/wp\/v2\/posts\/851\/revisions\/939"}],"wp:featuredmedia":[{"embeddable":true,"href":"https:\/\/www.cfatelier.com\/adc\/wp-json\/wp\/v2\/media\/978"}],"wp:attachment":[{"href":"https:\/\/www.cfatelier.com\/adc\/wp-json\/wp\/v2\/media?parent=851"}],"wp:term":[{"taxonomy":"category","embeddable":true,"href":"https:\/\/www.cfatelier.com\/adc\/wp-json\/wp\/v2\/categories?post=851"},{"taxonomy":"post_tag","embeddable":true,"href":"https:\/\/www.cfatelier.com\/adc\/wp-json\/wp\/v2\/tags?post=851"}],"curies":[{"name":"wp","href":"https:\/\/api.w.org\/{rel}","templated":true}]}}