{"id":966,"date":"2017-02-16T09:54:17","date_gmt":"2017-02-16T08:54:17","guid":{"rendered":"http:\/\/www.cfatelier.com\/adc\/?p=966"},"modified":"2017-03-15T14:28:34","modified_gmt":"2017-03-15T13:28:34","slug":"cest-des-volontaires","status":"publish","type":"post","link":"https:\/\/www.cfatelier.com\/adc\/cest-des-volontaires\/","title":{"rendered":"C&rsquo;est Des Volontaires &#8211; Engagement citoyen"},"content":{"rendered":"<p>&nbsp;<\/p>\n<p>Les ADC accompagnent plusieurs b\u00e9n\u00e9ficiaires des minimas sociaux\u00a0engag\u00e9s dans une action de b\u00e9n\u00e9volat dans le cadre du dispositif \u00ab\u00a0C&rsquo;est Des Volontaires\u00a0\u00bb.<\/p>\n<p>D\u00e9couvrez en vid\u00e9o l&rsquo;exp\u00e9rience de St\u00e9phane, allocataire du RSA et b\u00e9n\u00e9vole au Football Club de S\u00e9lestat.<\/p>\n<p><iframe loading=\"lazy\" src=\"\/\/www.youtube.com\/embed\/dfAcA5BhexI\" width=\"560\" height=\"314\" allowfullscreen=\"allowfullscreen\"><\/iframe><\/p>\n<p>&nbsp;<\/p>\n<figure id=\"attachment_967\" aria-describedby=\"caption-attachment-967\" style=\"width: 938px\" class=\"wp-caption aligncenter\"><a href=\"http:\/\/www.cfatelier.com\/adc1\/wp-content\/uploads\/2017\/02\/b\u00e9n\u00e9volat.jpg\"><img loading=\"lazy\" class=\"wp-image-967 size-full\" src=\"http:\/\/www.cfatelier.com\/adc1\/wp-content\/uploads\/2017\/02\/b\u00e9n\u00e9volat-e1487235086517.jpg\" width=\"938\" height=\"676\" srcset=\"https:\/\/www.cfatelier.com\/adc\/wp-content\/uploads\/2017\/02\/b\u00e9n\u00e9volat-e1487235086517.jpg 938w, https:\/\/www.cfatelier.com\/adc\/wp-content\/uploads\/2017\/02\/b\u00e9n\u00e9volat-e1487235086517-300x216.jpg 300w, https:\/\/www.cfatelier.com\/adc\/wp-content\/uploads\/2017\/02\/b\u00e9n\u00e9volat-e1487235086517-768x553.jpg 768w\" sizes=\"(max-width: 938px) 100vw, 938px\" \/><\/a><figcaption id=\"caption-attachment-967\" class=\"wp-caption-text\">RSA et b\u00e9n\u00e9volat : les volontaires 67 _ Article DNA du 9 f\u00e9vrier 2017<\/figcaption><\/figure>\n<p>&nbsp;<\/p>\n<p>&nbsp;<\/p>\n","protected":false},"excerpt":{"rendered":"<p>&nbsp; Les ADC accompagnent plusieurs b\u00e9n\u00e9ficiaires des minimas sociaux\u00a0engag\u00e9s dans une action de b\u00e9n\u00e9volat dans le cadre du dispositif \u00ab\u00a0C&rsquo;est Des Volontaires\u00a0\u00bb. D\u00e9couvrez en vid\u00e9o l&rsquo;exp\u00e9rience de St\u00e9phane, allocataire du RSA et b\u00e9n\u00e9vole au Football Club de S\u00e9lestat. &nbsp; &nbsp; &nbsp;<\/p>\n","protected":false},"author":2,"featured_media":969,"comment_status":"closed","ping_status":"open","sticky":false,"template":"","format":"standard","meta":{"_mi_skip_tracking":false},"categories":[1],"tags":[],"_links":{"self":[{"href":"https:\/\/www.cfatelier.com\/adc\/wp-json\/wp\/v2\/posts\/966"}],"collection":[{"href":"https:\/\/www.cfatelier.com\/adc\/wp-json\/wp\/v2\/posts"}],"about":[{"href":"https:\/\/www.cfatelier.com\/adc\/wp-json\/wp\/v2\/types\/post"}],"author":[{"embeddable":true,"href":"https:\/\/www.cfatelier.com\/adc\/wp-json\/wp\/v2\/users\/2"}],"replies":[{"embeddable":true,"href":"https:\/\/www.cfatelier.com\/adc\/wp-json\/wp\/v2\/comments?post=966"}],"version-history":[{"count":2,"href":"https:\/\/www.cfatelier.com\/adc\/wp-json\/wp\/v2\/posts\/966\/revisions"}],"predecessor-version":[{"id":977,"href":"https:\/\/www.cfatelier.com\/adc\/wp-json\/wp\/v2\/posts\/966\/revisions\/977"}],"wp:featuredmedia":[{"embeddable":true,"href":"https:\/\/www.cfatelier.com\/adc\/wp-json\/wp\/v2\/media\/969"}],"wp:attachment":[{"href":"https:\/\/www.cfatelier.com\/adc\/wp-json\/wp\/v2\/media?parent=966"}],"wp:term":[{"taxonomy":"category","embeddable":true,"href":"https:\/\/www.cfatelier.com\/adc\/wp-json\/wp\/v2\/categories?post=966"},{"taxonomy":"post_tag","embeddable":true,"href":"https:\/\/www.cfatelier.com\/adc\/wp-json\/wp\/v2\/tags?post=966"}],"curies":[{"name":"wp","href":"https:\/\/api.w.org\/{rel}","templated":true}]}}