{"id":993,"date":"2017-04-21T13:14:11","date_gmt":"2017-04-21T12:14:11","guid":{"rendered":"http:\/\/www.cfatelier.com\/adc\/?p=993"},"modified":"2017-05-18T13:38:12","modified_gmt":"2017-05-18T12:38:12","slug":"tous-au-parlement","status":"publish","type":"post","link":"https:\/\/www.cfatelier.com\/adc\/tous-au-parlement\/","title":{"rendered":"Tous au Parlement"},"content":{"rendered":"<p style=\"text-align: justify;\"><a href=\"http:\/\/www.cfatelier.com\/adc1\/wp-content\/uploads\/2017\/04\/26798810716_a8e4633b32_z.jpg\"><img loading=\"lazy\" class=\"aligncenter size-full wp-image-1032\" src=\"http:\/\/www.cfatelier.com\/adc1\/wp-content\/uploads\/2017\/04\/26798810716_a8e4633b32_z.jpg\" alt=\"\" width=\"640\" height=\"426\" srcset=\"https:\/\/www.cfatelier.com\/adc\/wp-content\/uploads\/2017\/04\/26798810716_a8e4633b32_z.jpg 640w, https:\/\/www.cfatelier.com\/adc\/wp-content\/uploads\/2017\/04\/26798810716_a8e4633b32_z-300x200.jpg 300w, https:\/\/www.cfatelier.com\/adc\/wp-content\/uploads\/2017\/04\/26798810716_a8e4633b32_z-272x182.jpg 272w\" sizes=\"(max-width: 640px) 100vw, 640px\" \/><\/a><\/p>\n<p style=\"text-align: justify;\"><span style=\"font-size: large;\">Le 26 Janvier dernier, nous sommes all\u00e9s visiter le Parlement Europ\u00e9en de Strasbourg.<\/span><\/p>\n<p style=\"text-align: justify;\"><span style=\"font-size: large;\">Ce matin l\u00e0, envelopp\u00e9 par la lumi\u00e8re hivernale, le Parlement, \u00e9difice b\u00e2ti d&rsquo;acier et de verre paraissait d&rsquo;argent. Nous fumes impressionn\u00e9s par cette architecture et f\u00e9brile \u00e0 l&rsquo;id\u00e9e de commencer notre visite.<\/span><\/p>\n<p style=\"text-align: justify;\"><span style=\"font-size: large;\">Une partie du b\u00e2timent ne semble pas termin\u00e9\u00a0: symbole de l&rsquo;Europe toujours en \u00e9volution, pr\u00eate \u00e0 accueillir de nouveaux \u00e9tats.<\/span><\/p>\n<p style=\"text-align: justify;\"><a href=\"http:\/\/www.cfatelier.com\/adc1\/wp-content\/uploads\/2017\/04\/3842515819_a8d9b62062_m.jpg\"><img loading=\"lazy\" class=\"size-full wp-image-1014 aligncenter\" src=\"http:\/\/www.cfatelier.com\/adc1\/wp-content\/uploads\/2017\/04\/3842515819_a8d9b62062_m.jpg\" alt=\"\" width=\"240\" height=\"180\" \/><\/a><\/p>\n<p style=\"text-align: justify;\"><span style=\"font-size: large;\">Apr\u00e8s avoir pass\u00e9 le sas de s\u00e9curit\u00e9, nous avons p\u00e9n\u00e9tr\u00e9 un autre monde\u00a0: les murs, si haut d&rsquo;acier et de verre (13000 m2, 17 \u00e9tages), quasi transparents afin que traverse la lumi\u00e8re, une cour, une esplanade, un gigantesque espace \u2026 dans lequel on avait envie d&rsquo;\u00e9voluer, de marcher, de se d\u00e9placer&#8230;<\/span><\/p>\n<p style=\"text-align: justify;\"><a href=\"http:\/\/www.cfatelier.com\/adc1\/wp-content\/uploads\/2017\/04\/5426601908_b931321af5_m.jpg\"><img loading=\"lazy\" class=\" wp-image-1019 aligncenter\" src=\"http:\/\/www.cfatelier.com\/adc1\/wp-content\/uploads\/2017\/04\/5426601908_b931321af5_m.jpg\" alt=\"\" width=\"388\" height=\"97\" \/><\/a><\/p>\n<p style=\"text-align: justify;\" align=\"JUSTIFY\"><span style=\"font-size: large;\">Puis ce fut l&rsquo;entr\u00e9e dans le b\u00e2timent\u00a0: le sas tout petit, voire exigu au vu de l\u2019agora travers\u00e9e. Mais continuons : l&rsquo;all\u00e9e verte constitu\u00e9e de tr\u00e8s hauts philodendrons \u00e9voque un jardin, une for\u00eat. C&rsquo;est frais, vert, lumineux. Nous traversons cet espace, appel\u00e9 La Rue, par un pont de bois ! De l&rsquo;autre c\u00f4t\u00e9, l&rsquo;escalator, d&rsquo;une hauteur de 3 \u00e9tages, nous propulse au niveau de l&rsquo;H\u00e9micycle, et c&rsquo;est sans voix, dans une ambiance feutr\u00e9e que nous y entrons. <\/span><\/p>\n<p style=\"text-align: justify;\"><span style=\"font-size: large;\">Notre guide, passionn\u00e9 par l&rsquo;institution, a su captiver notre attention sur le fonctionnement du Parlement Europ\u00e9en, nous avons appris ainsi que l&rsquo;UE est l&rsquo;unique institution internationale dont les membres sont \u00e9lus au suffrage universel direct. <\/span><\/p>\n<p style=\"text-align: justify;\"><span style=\"font-size: large;\">Les 500 millions d&rsquo;Europ\u00e9ens que nous sommes \u00e9lisent 751 d\u00e9put\u00e9s. Lors des sessions pl\u00e9ni\u00e8res les d\u00e9put\u00e9s sont plac\u00e9s par parti politique et le nombre de nos repr\u00e9sentants est proportionnel \u00e0 la population de nos pays respectifs.<\/span><\/p>\n<p style=\"text-align: justify;\"><a href=\"http:\/\/www.cfatelier.com\/adc1\/wp-content\/uploads\/2017\/04\/images.jpg\"><img loading=\"lazy\" class=\"aligncenter wp-image-1005 size-full\" src=\"http:\/\/www.cfatelier.com\/adc1\/wp-content\/uploads\/2017\/04\/images.jpg\" alt=\"\" width=\"323\" height=\"156\" srcset=\"https:\/\/www.cfatelier.com\/adc\/wp-content\/uploads\/2017\/04\/images.jpg 323w, https:\/\/www.cfatelier.com\/adc\/wp-content\/uploads\/2017\/04\/images-300x145.jpg 300w\" sizes=\"(max-width: 323px) 100vw, 323px\" \/><\/a><\/p>\n<p style=\"text-align: center;\"><div class=\"su-spoiler su-spoiler-style-default su-spoiler-icon-plus su-spoiler-closed\" data-scroll-offset=\"0\" data-anchor-in-url=\"no\"><div class=\"su-spoiler-title\" tabindex=\"0\" role=\"button\"><span class=\"su-spoiler-icon\"><\/span>En savoir plus sur le pouvoir budg\u00e9taire du Parlement Europ\u00e9en et sur le FSE <\/div><div class=\"su-spoiler-content su-u-clearfix su-u-trim\">\n<p><u>Le Pouvoir Budg\u00e9taire :<\/u><\/p>\n<p>Il agit sur 7 ans. Pour la p\u00e9riode 2014\/2020 le budget est de 960 milliards d&rsquo;Euros r\u00e9partis sur diff\u00e9rentes actions :<\/p>\n<p>&#8211; Conservation et gestion des ressources naturelles<\/p>\n<p>&#8211; Affaires Internationales en tant que partenaire mondial<\/p>\n<p>&#8211; Administration<\/p>\n<p>&#8211; Libert\u00e9, S\u00e9curit\u00e9, Justice<\/p>\n<p>&#8211; Comp\u00e9titivit\u00e9 pour la croissance et l\u2019emploi<\/p>\n<p>&#8211; Coh\u00e9sion pour la croissance et l\u2019emploi, Coh\u00e9sion Territoriale et Coop\u00e9ration (FSE)<\/p>\n<p><u>LE FSE, Fond Social Europ\u00e9en :<\/u><\/p>\n<p>C&rsquo;est le principal levier de l\u2019UE, pour la promotion de l\u2019emploi. Son objectif<\/p>\n<p>est de soutenir la cr\u00e9ation d\u2019emploi de qualit\u00e9 et d&rsquo;am\u00e9liorer les<\/p>\n<p>perspectives professionnelles des citoyens les moins qualifi\u00e9s et<\/p>\n<p>les plus expos\u00e9s au ch\u00f4mage et \u00e0 l\u2019exclusion.<\/p>\n<p>Le FSE intervient toujours en co-financement d&rsquo;autres fonds publics et\/ou priv\u00e9s (\u00c9tats, Collectivit\u00e9s locales, Entreprises, etc.).<\/p>\n<p>Ce principe se traduit pour les porteurs de projets par la n\u00e9cessit\u00e9 de trouver au pr\u00e9alable des financements aupr\u00e8s de leur partenaires ou sur leur tr\u00e9sorerie propre.<\/p>\n<p>Le niveau de cofinancement est variable d\u2019une r\u00e9gion \u00e0 l\u2019autre et d\u00e9pend de sa richesse relative.<\/p>\n<p style=\"text-align: justify;\"><\/div><\/div>\n<p style=\"text-align: justify;\"><span style=\"font-size: large;\">Ce d\u00e9placement au Parlement Europ\u00e9en nous a permis de prendre la mesure des actions mises en place socialement, pour nous-m\u00eame en France, mais aussi autours de nous en Europe, \u201cchez nos voisins\u201d : Belges, Allemands, Italiens, Espagnols ainsi que dans l&rsquo;ensemble des 28 pays membres. Ces actions ne sont pas forcement visibles de l&rsquo;ext\u00e9rieur du syst\u00e8me.\u00a0<\/span><\/p>\n<p style=\"text-align: justify;\"><span style=\"font-size: large;\">Unanimement, nous vous invitons \u00e0 visiter ce lieu, \u00e0 assister aux d\u00e9bats, aux sessions parlementaires, aux votes.<\/span><\/p>\n<p style=\"text-align: justify;\"><span style=\"font-size: large;\">Le Parlement Europ\u00e9en est ouvert \u00e0 tous, ce qui s&rsquo;y passe est public, nous y sommes accueillis pour connaitre, comprendre l&rsquo;importance de l&rsquo; Union Europ\u00e9enne et ce au-del\u00e0 de nos fronti\u00e8res.\u00a0<\/span><\/p>\n<p style=\"text-align: justify;\"><div class=\"su-box su-box-style-glass width\" id=\"\" style=\"border-color:#000039;border-radius:3px\"><div class=\"su-box-title\" style=\"background-color:#09316C;color:#FFFFFF;border-top-left-radius:1px;border-top-right-radius:1px\">Quelques liens utiles : <\/div><div class=\"su-box-content su-u-clearfix su-u-trim\" style=\"border-bottom-left-radius:1px;border-bottom-right-radius:1px\">\n<p>Pour plus d&rsquo;informations sur le Parlement Europ\u00e9en :\u00a0<a href=\"http:\/\/www.europarl.europa.eu\/portal\/fr\" target=\"_blank\" rel=\"noopener noreferrer\">Parlement Europ\u00e9en : Site officiel<\/a><\/p>\n<p>Pour plus d&rsquo;informations sur le Fond Social Europ\u00e9en :\u00a0<a href=\"http:\/\/www.fse.gouv.fr\/\">Les actions du FSE en France<\/a><\/p>\n<p>Pour visiter le Parlement Europ\u00e9en ou assister \u00e0 une session :\u00a0<a href=\"http:\/\/www.europarl.europa.eu\/visiting\/fr\/strasbourg\/s%C3%A9ances-d-information-visites-de-l-h%C3%A9micycle\" target=\"_blank\" rel=\"noopener noreferrer\">Parlement Europ\u00e9en : Visites et informations<\/a><\/p>\n<p style=\"text-align: justify;\"><\/div><\/div>\n<p style=\"text-align: justify;\"><span style=\"font-size: large;\"><br \/>\n<\/span><\/p>\n<p style=\"text-align: justify;\"><img loading=\"lazy\" class=\"size-full wp-image-1006 aligncenter\" src=\"http:\/\/www.cfatelier.com\/adc1\/wp-content\/uploads\/2017\/04\/index.jpg\" alt=\"\" width=\"225\" height=\"225\" srcset=\"https:\/\/www.cfatelier.com\/adc\/wp-content\/uploads\/2017\/04\/index.jpg 225w, https:\/\/www.cfatelier.com\/adc\/wp-content\/uploads\/2017\/04\/index-150x150.jpg 150w\" sizes=\"(max-width: 225px) 100vw, 225px\" \/><\/p>\n","protected":false},"excerpt":{"rendered":"<p>Le 26 Janvier dernier, nous sommes all\u00e9s visiter le Parlement Europ\u00e9en de Strasbourg. Ce matin l\u00e0, envelopp\u00e9 par la lumi\u00e8re hivernale, le Parlement, \u00e9difice b\u00e2ti d&rsquo;acier et de verre paraissait d&rsquo;argent. Nous fumes impressionn\u00e9s par cette architecture et f\u00e9brile \u00e0 l&rsquo;id\u00e9e de commencer notre visite. Une partie du b\u00e2timent ne semble pas termin\u00e9\u00a0: symbole de [&hellip;]<\/p>\n","protected":false},"author":6,"featured_media":1032,"comment_status":"closed","ping_status":"open","sticky":false,"template":"","format":"standard","meta":{"_mi_skip_tracking":false},"categories":[1],"tags":[],"_links":{"self":[{"href":"https:\/\/www.cfatelier.com\/adc\/wp-json\/wp\/v2\/posts\/993"}],"collection":[{"href":"https:\/\/www.cfatelier.com\/adc\/wp-json\/wp\/v2\/posts"}],"about":[{"href":"https:\/\/www.cfatelier.com\/adc\/wp-json\/wp\/v2\/types\/post"}],"author":[{"embeddable":true,"href":"https:\/\/www.cfatelier.com\/adc\/wp-json\/wp\/v2\/users\/6"}],"replies":[{"embeddable":true,"href":"https:\/\/www.cfatelier.com\/adc\/wp-json\/wp\/v2\/comments?post=993"}],"version-history":[{"count":39,"href":"https:\/\/www.cfatelier.com\/adc\/wp-json\/wp\/v2\/posts\/993\/revisions"}],"predecessor-version":[{"id":1134,"href":"https:\/\/www.cfatelier.com\/adc\/wp-json\/wp\/v2\/posts\/993\/revisions\/1134"}],"wp:featuredmedia":[{"embeddable":true,"href":"https:\/\/www.cfatelier.com\/adc\/wp-json\/wp\/v2\/media\/1032"}],"wp:attachment":[{"href":"https:\/\/www.cfatelier.com\/adc\/wp-json\/wp\/v2\/media?parent=993"}],"wp:term":[{"taxonomy":"category","embeddable":true,"href":"https:\/\/www.cfatelier.com\/adc\/wp-json\/wp\/v2\/categories?post=993"},{"taxonomy":"post_tag","embeddable":true,"href":"https:\/\/www.cfatelier.com\/adc\/wp-json\/wp\/v2\/tags?post=993"}],"curies":[{"name":"wp","href":"https:\/\/api.w.org\/{rel}","templated":true}]}}